{"id":78,"date":"2023-07-23T21:56:18","date_gmt":"2023-07-23T21:56:18","guid":{"rendered":"https:\/\/queis-online.de\/island\/?p=78"},"modified":"2024-02-04T13:31:01","modified_gmt":"2024-02-04T13:31:01","slug":"vorgluehen","status":"publish","type":"post","link":"https:\/\/queis-online.de\/island\/2023\/07\/23\/vorgluehen\/","title":{"rendered":"Vorgl\u00fchen"},"content":{"rendered":"\n<p>Der Countdown l\u00e4uft und auf der Insel wird schon vorgegl\u00fcht \ud83c\udf0b.<\/p>\n\n\n\n<figure class=\"wp-block-image size-large\"><img loading=\"lazy\" decoding=\"async\" width=\"768\" height=\"1024\" src=\"https:\/\/queis-online.de\/island\/wp-content\/uploads\/2023\/07\/img_9972-768x1024.jpg\" alt=\"\" class=\"wp-image-77\" srcset=\"https:\/\/queis-online.de\/island\/wp-content\/uploads\/2023\/07\/img_9972-768x1024.jpg 768w, https:\/\/queis-online.de\/island\/wp-content\/uploads\/2023\/07\/img_9972-225x300.jpg 225w, https:\/\/queis-online.de\/island\/wp-content\/uploads\/2023\/07\/img_9972.jpg 825w\" sizes=\"auto, (max-width: 768px) 100vw, 768px\" \/><\/figure>\n\n\n\n<p>Nur noch wenige Tage bis zu unserem Island Trip und p\u00fcnktlich ist der Vulkan Fagradalsfjall in der N\u00e4he von Reykjavik aktiv geworden. Aktuell sind noch die Wanderwege zum Vulkan gesperrt. Wir hoffen, dass sie ge\u00f6ffnet werden und dass wir das Natur- Spektakel live erleben k\u00f6nnen.<\/p>\n\n\n\n<p><a href=\"https:\/\/www.zdf.de\/nachrichten\/panorama\/island-reykjavik-vulkan-ausbruch-reykjanes-100.html\">https:\/\/www.zdf.de\/nachrichten\/panorama\/island-reykjavik-vulkan-ausbruch-reykjanes-100.html<\/a><\/p>\n\n\n\n<p>Die Reiseroute steht fest und die Gasth\u00e4user sind gebucht. Flug, Gasth\u00e4user und Mietwagen haben wir \u00fcber das auf Island spezialisierte Reiseb\u00fcro set geo-aktiv gebucht. Auch im nachhinein ist das Reiseb\u00fcro sehr zu empfehlen. Sehr gute und freundliche Beratung, in unserem Fall durch eine Isl\u00e4nderin. Auch individuelle W\u00fcnsche und Anpassung der Route wurden ber\u00fccksichtigt. Die Gasth\u00e4user waren so ausgesucht, dass vom edlen Hotel, \u00fcber Bauernhof, eigene H\u00fctte, Pensionen und Hostels alles dabei war. Unterm Strich alles gut. Als Auto hatten wir einen Dacia Jogger. Das war nicht der Hit. Da w\u00fcrde ich das n\u00e4chste Mal auf jeden Fall einen robusteren Allrad nehmen um auch Fahrten ins Inland machen zu k\u00f6nnen. <\/p>\n\n\n\n<p>Die Reisekosten f\u00fcr Island sind bekannterweise hoch. Wir hatten das Paket &#8222;Fly, Drive and Bed&#8220; f\u00fcr 2.735 \u20ac pro Person. Mit diversen Aufschl\u00e4gen f\u00fcr Flug und h\u00f6here Mietwagenklasse kamen wir auf 8.475 \u20ac f\u00fcr 2 Wochen. Dazu kommt nat\u00fcrlich noch Benzin, Lebensmittel, Restaurantbesuche usw.. F\u00fcr Restaurantbesuche muss man mindestens ca. 100\u20ac f\u00fcr drei Personen einplanen &#8211; ohne Bier \ud83d\ude42<\/p>\n\n\n\n<p>Link Reiseb\u00fcro: https:\/\/www.islandreisen-islandurlaub.de\/<\/p>\n\n\n\n<figure class=\"wp-block-image size-full\"><img loading=\"lazy\" decoding=\"async\" width=\"927\" height=\"523\" src=\"https:\/\/queis-online.de\/island\/wp-content\/uploads\/2023\/10\/Reiseroute2.jpg\" alt=\"\" class=\"wp-image-1197\" srcset=\"https:\/\/queis-online.de\/island\/wp-content\/uploads\/2023\/10\/Reiseroute2.jpg 927w, https:\/\/queis-online.de\/island\/wp-content\/uploads\/2023\/10\/Reiseroute2-300x169.jpg 300w, https:\/\/queis-online.de\/island\/wp-content\/uploads\/2023\/10\/Reiseroute2-768x433.jpg 768w\" sizes=\"auto, (max-width: 927px) 100vw, 927px\" \/><\/figure>\n\n\n\n<figure class=\"wp-block-image size-full\"><img loading=\"lazy\" decoding=\"async\" width=\"913\" height=\"719\" src=\"https:\/\/queis-online.de\/island\/wp-content\/uploads\/2023\/10\/Reiseroute.jpg\" alt=\"\" class=\"wp-image-1194\" srcset=\"https:\/\/queis-online.de\/island\/wp-content\/uploads\/2023\/10\/Reiseroute.jpg 913w, https:\/\/queis-online.de\/island\/wp-content\/uploads\/2023\/10\/Reiseroute-300x236.jpg 300w, https:\/\/queis-online.de\/island\/wp-content\/uploads\/2023\/10\/Reiseroute-768x605.jpg 768w\" sizes=\"auto, (max-width: 913px) 100vw, 913px\" \/><\/figure>\n","protected":false},"excerpt":{"rendered":"<p>Der Countdown l\u00e4uft und auf der Insel wird schon vorgegl\u00fcht \ud83c\udf0b. Nur noch wenige Tage bis zu unserem Island Trip und p\u00fcnktlich ist der Vulkan Fagradalsfjall in der N\u00e4he von Reykjavik aktiv geworden. Aktuell sind noch die Wanderwege zum Vulkan gesperrt. Wir hoffen, dass sie ge\u00f6ffnet werden und dass wir das Natur- Spektakel live erleben &hellip; <\/p>\n<p class=\"link-more\"><a href=\"https:\/\/queis-online.de\/island\/2023\/07\/23\/vorgluehen\/\" class=\"more-link\"><span class=\"screen-reader-text\">\u201eVorgl\u00fchen\u201c <\/span>weiterlesen<\/a><\/p>\n","protected":false},"author":1,"featured_media":0,"comment_status":"closed","ping_status":"closed","sticky":false,"template":"","format":"standard","meta":{"footnotes":""},"categories":[1],"tags":[],"class_list":["post-78","post","type-post","status-publish","format-standard","hentry","category-uncategorized","entry"],"_links":{"self":[{"href":"https:\/\/queis-online.de\/island\/wp-json\/wp\/v2\/posts\/78","targetHints":{"allow":["GET"]}}],"collection":[{"href":"https:\/\/queis-online.de\/island\/wp-json\/wp\/v2\/posts"}],"about":[{"href":"https:\/\/queis-online.de\/island\/wp-json\/wp\/v2\/types\/post"}],"author":[{"embeddable":true,"href":"https:\/\/queis-online.de\/island\/wp-json\/wp\/v2\/users\/1"}],"replies":[{"embeddable":true,"href":"https:\/\/queis-online.de\/island\/wp-json\/wp\/v2\/comments?post=78"}],"version-history":[{"count":9,"href":"https:\/\/queis-online.de\/island\/wp-json\/wp\/v2\/posts\/78\/revisions"}],"predecessor-version":[{"id":1557,"href":"https:\/\/queis-online.de\/island\/wp-json\/wp\/v2\/posts\/78\/revisions\/1557"}],"wp:attachment":[{"href":"https:\/\/queis-online.de\/island\/wp-json\/wp\/v2\/media?parent=78"}],"wp:term":[{"taxonomy":"category","embeddable":true,"href":"https:\/\/queis-online.de\/island\/wp-json\/wp\/v2\/categories?post=78"},{"taxonomy":"post_tag","embeddable":true,"href":"https:\/\/queis-online.de\/island\/wp-json\/wp\/v2\/tags?post=78"}],"curies":[{"name":"wp","href":"https:\/\/api.w.org\/{rel}","templated":true}]}}