{"id":705,"date":"2023-08-05T22:07:31","date_gmt":"2023-08-05T22:07:31","guid":{"rendered":"https:\/\/queis-online.de\/island\/?p=705"},"modified":"2024-02-04T11:00:30","modified_gmt":"2024-02-04T11:00:30","slug":"eine-kurzwanderung-und-bordercollieschafe","status":"publish","type":"post","link":"https:\/\/queis-online.de\/island\/2023\/08\/05\/eine-kurzwanderung-und-bordercollieschafe\/","title":{"rendered":"Bordercollieschafe"},"content":{"rendered":"\n<p>Wie man sieht war der 5. August ein erlebnisreicher Tag. Hier noch ein Nachtrag. Am morgen habe ich mit Sabine eine kleine Wanderung in eine Schlucht gemacht. Leider sind wir nicht weit gekommen, weil der Weg mit einmal vom Wasser \u00fcbersp\u00fclt war und es einfach zu steil war um unverletzt wieder runter zu kommen. Aber nachdem wir die Nebeldecke durchstossen haben war die Aussicht grandios.<\/p>\n\n\n\n<figure class=\"wp-block-image size-large\"><img loading=\"lazy\" decoding=\"async\" width=\"1024\" height=\"768\" src=\"https:\/\/queis-online.de\/island\/wp-content\/uploads\/2023\/08\/IMG_1285-1024x768.jpeg\" alt=\"\" class=\"wp-image-720\" srcset=\"https:\/\/queis-online.de\/island\/wp-content\/uploads\/2023\/08\/IMG_1285-1024x768.jpeg 1024w, https:\/\/queis-online.de\/island\/wp-content\/uploads\/2023\/08\/IMG_1285-300x225.jpeg 300w, https:\/\/queis-online.de\/island\/wp-content\/uploads\/2023\/08\/IMG_1285-768x576.jpeg 768w, https:\/\/queis-online.de\/island\/wp-content\/uploads\/2023\/08\/IMG_1285-1536x1152.jpeg 1536w, https:\/\/queis-online.de\/island\/wp-content\/uploads\/2023\/08\/IMG_1285-2048x1536.jpeg 2048w, https:\/\/queis-online.de\/island\/wp-content\/uploads\/2023\/08\/IMG_1285-1568x1176.jpeg 1568w\" sizes=\"auto, (max-width: 1024px) 100vw, 1024px\" \/><\/figure>\n\n\n\n<figure class=\"wp-block-image size-large\"><img loading=\"lazy\" decoding=\"async\" width=\"1024\" height=\"768\" src=\"https:\/\/queis-online.de\/island\/wp-content\/uploads\/2023\/08\/IMG_0609-1024x768.jpeg\" alt=\"\" class=\"wp-image-724\" srcset=\"https:\/\/queis-online.de\/island\/wp-content\/uploads\/2023\/08\/IMG_0609-1024x768.jpeg 1024w, https:\/\/queis-online.de\/island\/wp-content\/uploads\/2023\/08\/IMG_0609-300x225.jpeg 300w, https:\/\/queis-online.de\/island\/wp-content\/uploads\/2023\/08\/IMG_0609-768x576.jpeg 768w, https:\/\/queis-online.de\/island\/wp-content\/uploads\/2023\/08\/IMG_0609-1536x1152.jpeg 1536w, https:\/\/queis-online.de\/island\/wp-content\/uploads\/2023\/08\/IMG_0609-2048x1536.jpeg 2048w, https:\/\/queis-online.de\/island\/wp-content\/uploads\/2023\/08\/IMG_0609-1568x1176.jpeg 1568w\" sizes=\"auto, (max-width: 1024px) 100vw, 1024px\" \/><\/figure>\n\n\n\n<figure class=\"wp-block-image size-large\"><img loading=\"lazy\" decoding=\"async\" width=\"768\" height=\"1024\" src=\"https:\/\/queis-online.de\/island\/wp-content\/uploads\/2023\/08\/IMG_1296-768x1024.jpeg\" alt=\"\" class=\"wp-image-723\" srcset=\"https:\/\/queis-online.de\/island\/wp-content\/uploads\/2023\/08\/IMG_1296-768x1024.jpeg 768w, https:\/\/queis-online.de\/island\/wp-content\/uploads\/2023\/08\/IMG_1296-225x300.jpeg 225w, https:\/\/queis-online.de\/island\/wp-content\/uploads\/2023\/08\/IMG_1296-1152x1536.jpeg 1152w, https:\/\/queis-online.de\/island\/wp-content\/uploads\/2023\/08\/IMG_1296-1536x2048.jpeg 1536w, https:\/\/queis-online.de\/island\/wp-content\/uploads\/2023\/08\/IMG_1296-1568x2091.jpeg 1568w, https:\/\/queis-online.de\/island\/wp-content\/uploads\/2023\/08\/IMG_1296-scaled.jpeg 1920w\" sizes=\"auto, (max-width: 768px) 100vw, 768px\" \/><\/figure>\n\n\n\n<figure class=\"wp-block-image size-large\"><img loading=\"lazy\" decoding=\"async\" width=\"768\" height=\"1024\" src=\"https:\/\/queis-online.de\/island\/wp-content\/uploads\/2023\/08\/IMG_1289-768x1024.jpeg\" alt=\"\" class=\"wp-image-721\" srcset=\"https:\/\/queis-online.de\/island\/wp-content\/uploads\/2023\/08\/IMG_1289-768x1024.jpeg 768w, https:\/\/queis-online.de\/island\/wp-content\/uploads\/2023\/08\/IMG_1289-225x300.jpeg 225w, https:\/\/queis-online.de\/island\/wp-content\/uploads\/2023\/08\/IMG_1289-1152x1536.jpeg 1152w, https:\/\/queis-online.de\/island\/wp-content\/uploads\/2023\/08\/IMG_1289-1536x2048.jpeg 1536w, https:\/\/queis-online.de\/island\/wp-content\/uploads\/2023\/08\/IMG_1289-1568x2091.jpeg 1568w, https:\/\/queis-online.de\/island\/wp-content\/uploads\/2023\/08\/IMG_1289-scaled.jpeg 1920w\" sizes=\"auto, (max-width: 768px) 100vw, 768px\" \/><\/figure>\n\n\n\n<p>Danach sind wir noch am Vormittag an den Strand gefahren. Hier war noch dichter Nebel, aber es war trotzdem sch\u00f6n und mystisch. Der schwarze Sand und die hohen Wellen und der intensive Geruch nach Meer. Herrlich.<\/p>\n\n\n\n<figure class=\"wp-block-image size-large\"><img loading=\"lazy\" decoding=\"async\" width=\"1024\" height=\"768\" src=\"https:\/\/queis-online.de\/island\/wp-content\/uploads\/2023\/08\/IMG_0621-1024x768.jpeg\" alt=\"\" class=\"wp-image-715\" srcset=\"https:\/\/queis-online.de\/island\/wp-content\/uploads\/2023\/08\/IMG_0621-1024x768.jpeg 1024w, https:\/\/queis-online.de\/island\/wp-content\/uploads\/2023\/08\/IMG_0621-300x225.jpeg 300w, https:\/\/queis-online.de\/island\/wp-content\/uploads\/2023\/08\/IMG_0621-768x576.jpeg 768w, https:\/\/queis-online.de\/island\/wp-content\/uploads\/2023\/08\/IMG_0621-1536x1152.jpeg 1536w, https:\/\/queis-online.de\/island\/wp-content\/uploads\/2023\/08\/IMG_0621-2048x1536.jpeg 2048w, https:\/\/queis-online.de\/island\/wp-content\/uploads\/2023\/08\/IMG_0621-1568x1176.jpeg 1568w\" sizes=\"auto, (max-width: 1024px) 100vw, 1024px\" \/><\/figure>\n\n\n\n<figure class=\"wp-block-image size-large\"><img loading=\"lazy\" decoding=\"async\" width=\"1024\" height=\"768\" src=\"https:\/\/queis-online.de\/island\/wp-content\/uploads\/2023\/08\/IMG_0624-1024x768.jpeg\" alt=\"\" class=\"wp-image-714\" srcset=\"https:\/\/queis-online.de\/island\/wp-content\/uploads\/2023\/08\/IMG_0624-1024x768.jpeg 1024w, https:\/\/queis-online.de\/island\/wp-content\/uploads\/2023\/08\/IMG_0624-300x225.jpeg 300w, https:\/\/queis-online.de\/island\/wp-content\/uploads\/2023\/08\/IMG_0624-768x576.jpeg 768w, https:\/\/queis-online.de\/island\/wp-content\/uploads\/2023\/08\/IMG_0624-1536x1152.jpeg 1536w, https:\/\/queis-online.de\/island\/wp-content\/uploads\/2023\/08\/IMG_0624-2048x1536.jpeg 2048w, https:\/\/queis-online.de\/island\/wp-content\/uploads\/2023\/08\/IMG_0624-1568x1176.jpeg 1568w\" sizes=\"auto, (max-width: 1024px) 100vw, 1024px\" \/><\/figure>\n\n\n\n<figure class=\"wp-block-image size-large\"><img loading=\"lazy\" decoding=\"async\" width=\"1024\" height=\"769\" src=\"https:\/\/queis-online.de\/island\/wp-content\/uploads\/2023\/08\/IMG_1301-1024x769.jpeg\" alt=\"\" class=\"wp-image-718\" srcset=\"https:\/\/queis-online.de\/island\/wp-content\/uploads\/2023\/08\/IMG_1301-1024x769.jpeg 1024w, https:\/\/queis-online.de\/island\/wp-content\/uploads\/2023\/08\/IMG_1301-300x225.jpeg 300w, https:\/\/queis-online.de\/island\/wp-content\/uploads\/2023\/08\/IMG_1301-768x577.jpeg 768w, https:\/\/queis-online.de\/island\/wp-content\/uploads\/2023\/08\/IMG_1301-1536x1154.jpeg 1536w, https:\/\/queis-online.de\/island\/wp-content\/uploads\/2023\/08\/IMG_1301-2048x1539.jpeg 2048w, https:\/\/queis-online.de\/island\/wp-content\/uploads\/2023\/08\/IMG_1301-1568x1178.jpeg 1568w\" sizes=\"auto, (max-width: 1024px) 100vw, 1024px\" \/><\/figure>\n\n\n\n<p>Und dann sahen wir es im Nebel am Meer, das Bordercollieschaf. Wir dachten erst wir haben uns geirrt, aber ganz klar, Kopf Bordercollie und der Rest Schaf. Das ist ein weiterer Versuch der Isl\u00e4nder Personal einzusparen. Nach Hotels wo man ohne Rezeption eincheckt, Parken ohne Papierparkschein und Supermarktkassen ohne Kassiererin nun Selbstbeh\u00fctete Schafe. Nicht alle Schafe sind genetisch ver\u00e4ndert, nur die H\u00fcteschafe.<\/p>\n\n\n\n<figure class=\"wp-block-image size-large\"><img loading=\"lazy\" decoding=\"async\" width=\"1024\" height=\"768\" src=\"https:\/\/queis-online.de\/island\/wp-content\/uploads\/2023\/08\/IMG_0618-1024x768.jpeg\" alt=\"\" class=\"wp-image-716\" srcset=\"https:\/\/queis-online.de\/island\/wp-content\/uploads\/2023\/08\/IMG_0618-1024x768.jpeg 1024w, https:\/\/queis-online.de\/island\/wp-content\/uploads\/2023\/08\/IMG_0618-300x225.jpeg 300w, https:\/\/queis-online.de\/island\/wp-content\/uploads\/2023\/08\/IMG_0618-768x576.jpeg 768w, https:\/\/queis-online.de\/island\/wp-content\/uploads\/2023\/08\/IMG_0618-1536x1152.jpeg 1536w, https:\/\/queis-online.de\/island\/wp-content\/uploads\/2023\/08\/IMG_0618-2048x1536.jpeg 2048w, https:\/\/queis-online.de\/island\/wp-content\/uploads\/2023\/08\/IMG_0618-1568x1176.jpeg 1568w\" sizes=\"auto, (max-width: 1024px) 100vw, 1024px\" \/><figcaption class=\"wp-element-caption\">Ganz deutlich zu erkennen das Bordercollieschaf links.<\/figcaption><\/figure>\n\n\n\n<figure class=\"wp-block-image size-large\"><img loading=\"lazy\" decoding=\"async\" width=\"1024\" height=\"768\" src=\"https:\/\/queis-online.de\/island\/wp-content\/uploads\/2023\/08\/IMG_0607-1024x768.jpeg\" alt=\"\" class=\"wp-image-713\" srcset=\"https:\/\/queis-online.de\/island\/wp-content\/uploads\/2023\/08\/IMG_0607-1024x768.jpeg 1024w, https:\/\/queis-online.de\/island\/wp-content\/uploads\/2023\/08\/IMG_0607-300x225.jpeg 300w, https:\/\/queis-online.de\/island\/wp-content\/uploads\/2023\/08\/IMG_0607-768x576.jpeg 768w, https:\/\/queis-online.de\/island\/wp-content\/uploads\/2023\/08\/IMG_0607-1536x1152.jpeg 1536w, https:\/\/queis-online.de\/island\/wp-content\/uploads\/2023\/08\/IMG_0607-2048x1536.jpeg 2048w, https:\/\/queis-online.de\/island\/wp-content\/uploads\/2023\/08\/IMG_0607-1568x1176.jpeg 1568w\" sizes=\"auto, (max-width: 1024px) 100vw, 1024px\" \/><figcaption class=\"wp-element-caption\">Es gibt nat\u00fcrlich auch noch traditionelle Schafe. Erstaunlicher Weise sind sie immer zu dritt. Ich konnte noch nicht herausfinden warum.<\/figcaption><\/figure>\n\n\n\n<p>Am Abend hatten wir dann noch einen Platten. Reifenwechsel und weiter gehts. Sp\u00e4ter erfahre ich von der Mietwagenfirma, dass ich den Reifen unterwegs reparieren lassen muss. Schaun wir mal wie das in den engen Zeitplan passt.<\/p>\n\n\n\n<figure class=\"wp-block-image size-large\"><img loading=\"lazy\" decoding=\"async\" width=\"1024\" height=\"768\" src=\"https:\/\/queis-online.de\/island\/wp-content\/uploads\/2023\/08\/IMG_1345-1024x768.jpeg\" alt=\"\" class=\"wp-image-710\" srcset=\"https:\/\/queis-online.de\/island\/wp-content\/uploads\/2023\/08\/IMG_1345-1024x768.jpeg 1024w, https:\/\/queis-online.de\/island\/wp-content\/uploads\/2023\/08\/IMG_1345-300x225.jpeg 300w, https:\/\/queis-online.de\/island\/wp-content\/uploads\/2023\/08\/IMG_1345-768x576.jpeg 768w, https:\/\/queis-online.de\/island\/wp-content\/uploads\/2023\/08\/IMG_1345-1536x1152.jpeg 1536w, https:\/\/queis-online.de\/island\/wp-content\/uploads\/2023\/08\/IMG_1345-2048x1536.jpeg 2048w, https:\/\/queis-online.de\/island\/wp-content\/uploads\/2023\/08\/IMG_1345-1568x1176.jpeg 1568w\" sizes=\"auto, (max-width: 1024px) 100vw, 1024px\" \/><\/figure>\n\n\n\n<figure class=\"wp-block-image size-large\"><img loading=\"lazy\" decoding=\"async\" width=\"768\" height=\"1024\" src=\"https:\/\/queis-online.de\/island\/wp-content\/uploads\/2023\/08\/IMG_1346-768x1024.jpeg\" alt=\"\" class=\"wp-image-711\" srcset=\"https:\/\/queis-online.de\/island\/wp-content\/uploads\/2023\/08\/IMG_1346-768x1024.jpeg 768w, https:\/\/queis-online.de\/island\/wp-content\/uploads\/2023\/08\/IMG_1346-225x300.jpeg 225w, https:\/\/queis-online.de\/island\/wp-content\/uploads\/2023\/08\/IMG_1346-1152x1536.jpeg 1152w, https:\/\/queis-online.de\/island\/wp-content\/uploads\/2023\/08\/IMG_1346-1536x2048.jpeg 1536w, https:\/\/queis-online.de\/island\/wp-content\/uploads\/2023\/08\/IMG_1346-1568x2091.jpeg 1568w, https:\/\/queis-online.de\/island\/wp-content\/uploads\/2023\/08\/IMG_1346-scaled.jpeg 1920w\" sizes=\"auto, (max-width: 768px) 100vw, 768px\" \/><figcaption class=\"wp-element-caption\">Gut, dass wir ein vollwertiges Ersatzrad dabei haben.<\/figcaption><\/figure>\n","protected":false},"excerpt":{"rendered":"<p>Wie man sieht war der 5. August ein erlebnisreicher Tag. Hier noch ein Nachtrag. Am morgen habe ich mit Sabine eine kleine Wanderung in eine Schlucht gemacht. Leider sind wir nicht weit gekommen, weil der Weg mit einmal vom Wasser \u00fcbersp\u00fclt war und es einfach zu steil war um unverletzt wieder runter zu kommen. Aber &hellip; <\/p>\n<p class=\"link-more\"><a href=\"https:\/\/queis-online.de\/island\/2023\/08\/05\/eine-kurzwanderung-und-bordercollieschafe\/\" class=\"more-link\"><span class=\"screen-reader-text\">\u201eBordercollieschafe\u201c <\/span>weiterlesen<\/a><\/p>\n","protected":false},"author":1,"featured_media":0,"comment_status":"closed","ping_status":"closed","sticky":false,"template":"","format":"standard","meta":{"footnotes":""},"categories":[1],"tags":[],"class_list":["post-705","post","type-post","status-publish","format-standard","hentry","category-uncategorized","entry"],"_links":{"self":[{"href":"https:\/\/queis-online.de\/island\/wp-json\/wp\/v2\/posts\/705","targetHints":{"allow":["GET"]}}],"collection":[{"href":"https:\/\/queis-online.de\/island\/wp-json\/wp\/v2\/posts"}],"about":[{"href":"https:\/\/queis-online.de\/island\/wp-json\/wp\/v2\/types\/post"}],"author":[{"embeddable":true,"href":"https:\/\/queis-online.de\/island\/wp-json\/wp\/v2\/users\/1"}],"replies":[{"embeddable":true,"href":"https:\/\/queis-online.de\/island\/wp-json\/wp\/v2\/comments?post=705"}],"version-history":[{"count":12,"href":"https:\/\/queis-online.de\/island\/wp-json\/wp\/v2\/posts\/705\/revisions"}],"predecessor-version":[{"id":1508,"href":"https:\/\/queis-online.de\/island\/wp-json\/wp\/v2\/posts\/705\/revisions\/1508"}],"wp:attachment":[{"href":"https:\/\/queis-online.de\/island\/wp-json\/wp\/v2\/media?parent=705"}],"wp:term":[{"taxonomy":"category","embeddable":true,"href":"https:\/\/queis-online.de\/island\/wp-json\/wp\/v2\/categories?post=705"},{"taxonomy":"post_tag","embeddable":true,"href":"https:\/\/queis-online.de\/island\/wp-json\/wp\/v2\/tags?post=705"}],"curies":[{"name":"wp","href":"https:\/\/api.w.org\/{rel}","templated":true}]}}